{"id":3206,"date":"2026-08-31T16:12:58","date_gmt":"2026-08-31T16:12:58","guid":{"rendered":"https:\/\/aitkids.com\/?p=3206"},"modified":"2026-08-26T20:20:40","modified_gmt":"2026-08-26T20:20:40","slug":"felicitaciones-sarah","status":"publish","type":"post","link":"https:\/\/aitkids.com\/es\/news\/congratulations-sarah\/","title":{"rendered":"\u00a1Felicitaciones, Sarah!"},"content":{"rendered":"<p class=\"wp-block-paragraph\">\u00danase a nosotros para felicitar <strong>Sarah Triplett<\/strong> por su ascenso a <strong>Coordinador(a) de Aprendices para el Centro de Servicios de Autismo Mariposa (MASC)!<\/strong><\/p>\n\n\n\n<p class=\"wp-block-paragraph\">Sarah se uni\u00f3 a Aprendamos Family of Services en noviembre de 2024 como Analista de Conducta Aplicada Certificada por el Consejo (BCBA) a tiempo parcial, antes de pasar a un puesto de tiempo completo en agosto de 2025. Desde que se uni\u00f3 al equipo de MASC, ha tenido la oportunidad de crecer junto con los clientes y miembros del equipo a los que apoya, aportando su experiencia y pasi\u00f3n por el An\u00e1lisis Aplicado de la Conducta (ABA) a su trabajo todos los d\u00edas.<\/p>\n\n\n\n<p class=\"wp-block-paragraph\">Ahora, Sarah est\u00e1 comenzando un nuevo cap\u00edtulo enfocado en ayudar a desarrollar a la pr\u00f3xima generaci\u00f3n de analistas de la conducta.<\/p>\n\n\n\n<h2 class=\"wp-block-heading\">Encontrando sentido en el progreso cotidiano<\/h2>\n\n\n\n<p class=\"wp-block-paragraph\">Para Sarah, algunos de los momentos m\u00e1s significativos de su trabajo provienen de ver c\u00f3mo las habilidades desarrolladas a trav\u00e9s de la ABA pueden marcar una diferencia en la vida cotidiana.<\/p>\n\n\n\n<p class=\"wp-block-paragraph\">Recientemente reflexion\u00f3 sobre un momento culminante con un cliente que, un a\u00f1o antes, ten\u00eda dificultades para tolerar que le tocaran el cabello. Con el tiempo, eso cambi\u00f3. Durante una sesi\u00f3n reciente, el cliente pudo llevar c\u00f3modamente trenzas francesas e incluso volver a pein\u00e1rselas despu\u00e9s de que se desordenaran.<\/p>\n\n\n\n<p class=\"wp-block-paragraph\">Momentos como estos son un recordatorio importante de que el progreso no siempre se mide por un gran hito. A veces, el crecimiento significativo se puede encontrar en una experiencia cotidiana que se ha vuelto m\u00e1s c\u00f3moda, independiente o accesible con el tiempo.<\/p>\n\n\n\n<p class=\"wp-block-paragraph\">\u201cVer que se logran estos hitos, aparentemente peque\u00f1os pero profundamente significativos, me llena el coraz\u00f3n de alegr\u00eda y me recuerda exactamente por qu\u00e9 hacemos lo que hacemos\u201d, comparti\u00f3 Sarah.<\/p>\n\n\n\n<h2 class=\"wp-block-heading\">Apoyo a la pr\u00f3xima generaci\u00f3n de BCBA<\/h2>\n\n\n\n<p class=\"wp-block-paragraph\">En su nuevo rol como coordinadora de aprendizaje, Sarah se enfocar\u00e1 en apoyar a los t\u00e9cnicos de conducta registrados (RBT) a medida que avanzan en la capacitaci\u00f3n y el desarrollo profesional necesarios en su camino para convertirse en analistas de conducta certificados por la junta.<\/p>\n\n\n\n<p class=\"wp-block-paragraph\">Para Sarah, esa oportunidad combina dos \u00e1reas de trabajo que le importan profundamente: el an\u00e1lisis de conducta y la mentor\u00eda.<\/p>\n\n\n\n<p class=\"wp-block-paragraph\">\u201cEstoy absolutamente encantada de apoyar, guiar y defender a nuestros t\u00e9cnicos de conducta registrados en su transici\u00f3n a aprendices, y luego conducirlos en sus trayectorias profesionales para convertirse en BCBA\u201d, comparti\u00f3 Sarah. \u201cEnse\u00f1ar a la pr\u00f3xima generaci\u00f3n de analistas de conducta es una verdadera pasi\u00f3n para m\u00ed\u201d.\u201d<\/p>\n\n\n\n<p class=\"wp-block-paragraph\">A trav\u00e9s de la mentor\u00eda, la colaboraci\u00f3n y el apoyo continuo, Sarah espera ayudar a los participantes a desarrollar no solo sus conocimientos cl\u00ednicos, sino tambi\u00e9n la confianza y las habilidades profesionales que necesitar\u00e1n como futuros analistas de la conducta.<\/p>\n\n\n\n<h2 class=\"wp-block-heading\">Aportando nuevas perspectivas al liderazgo<\/h2>\n\n\n\n<p class=\"wp-block-paragraph\">El enfoque de liderazgo de Sarah ha sido moldeado por su experiencia practicando el an\u00e1lisis aplicado del comportamiento (ABA) en diferentes partes del pa\u00eds y trabajando junto a personas de una variedad de antecedentes culturales y comunidades.<\/p>\n\n\n\n<p class=\"wp-block-paragraph\">Ella espera que esas experiencias le permitan aportar una amplia perspectiva al Programa de Aprendizaje mientras contin\u00faa aprendiendo de las personas que la rodean.<\/p>\n\n\n\n<p class=\"wp-block-paragraph\">\u201cEspero infundir en nuestro equipo energ\u00eda renovada, esp\u00edritu de colaboraci\u00f3n y un entusiasmo genuino por el lugar al que podemos llegar juntos en el futuro\u201d, dijo ella.<\/p>\n\n\n\n<p class=\"wp-block-paragraph\">Ese enfoque colaborativo tambi\u00e9n ser\u00e1 fundamental para la forma en que Sarah apoye a los aprendices y colegas en su nuevo puesto. Quiere que los miembros del equipo se sientan c\u00f3modos compartiendo ideas, haciendo preguntas y contribuyendo al crecimiento continuo del programa.<\/p>\n\n\n\n<p class=\"wp-block-paragraph\">\u201cMi puerta siempre est\u00e1 abierta\u201d, comparti\u00f3 Sarah. \u201cDoy la bienvenida de forma activa a sus comentarios, ideas y sugerencias creativas. Juntos, podemos construir el sistema de apoyo m\u00e1s s\u00f3lido posible para ayudar a nuestros capacitados a tener \u00e9xito y prosperar como futuros BCBA\u201d.\u201d<\/p>\n\n\n\n<h2 class=\"wp-block-heading\">Celebrando la nueva etapa de Sarah<\/h2>\n\n\n\n<p class=\"wp-block-paragraph\">El paso de Sarah al puesto de Coordinadora de Aprendizaje refleja tanto su pasi\u00f3n por el an\u00e1lisis del comportamiento como su compromiso de ayudar a otros a crecer en el campo.<\/p>\n\n\n\n<p class=\"wp-block-paragraph\">A medida que comienza este nuevo cap\u00edtulo, esperamos verla apoyar a los miembros del equipo de MASC mientras desarrollan sus habilidades, persiguen sus metas profesionales y se preparan para convertirse en futuros BCBA.<\/p>\n\n\n\n<p class=\"wp-block-paragraph\"><strong>\u00a1Felicitaciones, Sarah, por tu nuevo puesto como coordinadora de aprendizaje!<\/strong><\/p>","protected":false},"excerpt":{"rendered":"<p>Please join us in congratulating Sarah Triplett on her promotion to Apprenticeship Coordinator for Mariposa Autism Service Center (MASC)! Sarah joined Aprendamos Family of Services in November 2024 as a part-time Board Certified Behavior Analyst (BCBA) before transitioning into a full-time role in August 2025. Since joining the MASC team, she has had the opportunity [&hellip;]<\/p>\n","protected":false},"author":1,"featured_media":3208,"comment_status":"closed","ping_status":"open","sticky":false,"template":"","format":"standard","meta":{"wpai_meta_description":"","footnotes":""},"categories":[8],"tags":[],"class_list":["post-3206","post","type-post","status-publish","format-standard","has-post-thumbnail","hentry","category-news"],"_links":{"self":[{"href":"https:\/\/aitkids.com\/es\/wp-json\/wp\/v2\/posts\/3206","targetHints":{"allow":["GET"]}}],"collection":[{"href":"https:\/\/aitkids.com\/es\/wp-json\/wp\/v2\/posts"}],"about":[{"href":"https:\/\/aitkids.com\/es\/wp-json\/wp\/v2\/types\/post"}],"replies":[{"embeddable":true,"href":"https:\/\/aitkids.com\/es\/wp-json\/wp\/v2\/comments?post=3206"}],"version-history":[{"count":2,"href":"https:\/\/aitkids.com\/es\/wp-json\/wp\/v2\/posts\/3206\/revisions"}],"predecessor-version":[{"id":3210,"href":"https:\/\/aitkids.com\/es\/wp-json\/wp\/v2\/posts\/3206\/revisions\/3210"}],"wp:featuredmedia":[{"embeddable":true,"href":"https:\/\/aitkids.com\/es\/wp-json\/wp\/v2\/media\/3208"}],"wp:attachment":[{"href":"https:\/\/aitkids.com\/es\/wp-json\/wp\/v2\/media?parent=3206"}],"wp:term":[{"taxonomy":"category","embeddable":true,"href":"https:\/\/aitkids.com\/es\/wp-json\/wp\/v2\/categories?post=3206"},{"taxonomy":"post_tag","embeddable":true,"href":"https:\/\/aitkids.com\/es\/wp-json\/wp\/v2\/tags?post=3206"}],"curies":[{"name":"wp","href":"https:\/\/api.w.org\/{rel}","templated":true}]}}